[{"@context":"https:\/\/schema.org\/","@type":"Article","@id":"https:\/\/www.zavos.cz\/na-co-nezapominat-na-dovolene-na-oci\/#Article","mainEntityOfPage":"https:\/\/www.zavos.cz\/na-co-nezapominat-na-dovolene-na-oci\/","headline":"Na co nezapom\u00ednat na dovolen\u00e9? Na o\u010di!","name":"Na co nezapom\u00ednat na dovolen\u00e9? Na o\u010di!","description":"Mnoho lid\u00ed toti\u017e na dovolenou bal\u00ed obrovsk\u00e9 mno\u017estv\u00ed r\u016fzn\u00fdch kosmetick\u00fdch a hygienick\u00fdch pom\u016fcek, na ty nejd\u016fle\u017eit\u011bj\u0161\u00ed se v\u0161ak \u010dasto zapom\u00edn\u00e1 a z\u016fstanou doma. Potom se v\u0161ak nez\u0159\u00eddka st\u00e1v\u00e1, \u017ee za\u010d\u00ednaj\u00ed chyb\u011bt. Doma byste proto nem\u011bli zapomenout nejen p\u0159\u00edpravky na ple\u0165, obli\u010dej, zuby a vlastn\u011b cel\u00e9 t\u011blo, ale tak\u00e9 ty, kter\u00e9 pe\u010duj\u00ed o jeden z na\u0161ich [&hellip;]","datePublished":"2023-07-08","dateModified":"2023-07-08","author":{"@type":"Person","@id":"https:\/\/www.zavos.cz\/author\/#Person","name":"","url":"https:\/\/www.zavos.cz\/author\/","identifier":1,"image":{"@type":"ImageObject","@id":"https:\/\/secure.gravatar.com\/avatar\/d7705a23c50ede72936119380238a88bdeb91030521f9262dc3abc6fdd8add33?s=96&d=mm&r=g","url":"https:\/\/secure.gravatar.com\/avatar\/d7705a23c50ede72936119380238a88bdeb91030521f9262dc3abc6fdd8add33?s=96&d=mm&r=g","height":96,"width":96}},"publisher":{"@type":"Organization","name":"zavos.cz","logo":{"@type":"ImageObject","@id":"\/logo.png","url":"\/logo.png","width":600,"height":60}},"image":{"@type":"ImageObject","@id":"https:\/\/www.zavos.cz\/wp-content\/uploads\/sunglasses-1850648__480_4.jpg","url":"https:\/\/www.zavos.cz\/wp-content\/uploads\/sunglasses-1850648__480_4.jpg","height":0,"width":0},"url":"https:\/\/www.zavos.cz\/na-co-nezapominat-na-dovolene-na-oci\/","about":["M\u00f3da"],"wordCount":436,"articleBody":"      Mnoho lid\u00ed toti\u017e na dovolenou bal\u00ed obrovsk\u00e9 mno\u017estv\u00ed r\u016fzn\u00fdch kosmetick\u00fdch a hygienick\u00fdch pom\u016fcek, na ty nejd\u016fle\u017eit\u011bj\u0161\u00ed se v\u0161ak \u010dasto zapom\u00edn\u00e1 a z\u016fstanou doma. Potom se v\u0161ak nez\u0159\u00eddka st\u00e1v\u00e1, \u017ee za\u010d\u00ednaj\u00ed chyb\u011bt. Doma byste proto nem\u011bli zapomenout nejen p\u0159\u00edpravky na ple\u0165, obli\u010dej, zuby a vlastn\u011b cel\u00e9 t\u011blo, ale tak\u00e9 ty, kter\u00e9 pe\u010duj\u00ed o jeden z na\u0161ich nejd\u016fle\u017eit\u011bj\u0161\u00edch smysl\u016f \u2013 o zrak. Mo\u017en\u00e1 v\u00e1m toti\u017e t\u0159eba i vlastn\u00edmi zku\u0161enostmi do\u0161lo, \u017ee na\u0161e o\u010di dost\u00e1vaj\u00ed na dovolen\u00e9 opravdu po\u0159\u00e1dn\u011b zabrat. A\u0165 u\u017e se toti\u017e vyd\u00e1te k proslun\u011bn\u00e9mu pob\u0159e\u017e\u00ed mo\u0159e nebo vysok\u00fdm vrcholk\u016fm hor, slunce v\u00e1s potk\u00e1 v\u0161ude a na p\u00e9\u010di o o\u010di byste nejen z tohoto d\u016fvodu zapom\u00ednat rozhodn\u011b nem\u011bli.P\u0159i p\u00e9\u010di o obli\u010dej byste v \u00fapln\u011b prvn\u00edm kroku ur\u010dit\u011b nem\u011bli vynechat nanesen\u00ed opalovac\u00edho kr\u00e9mu \u2013 \u010d\u00edm bude jeho SPF faktor vy\u0161\u0161\u00ed, t\u00edm v\u00edce budete tak\u00e9 p\u0159ed \u0161kodliv\u00fdm z\u00e1\u0159en\u00edm chr\u00e1n\u011bni. Klasick\u00fdch dopl\u0148kem turist\u016f, v\u00fdletn\u00edk\u016f i rekreant\u016f pak b\u00fdvaj\u00ed slune\u010dn\u00ed br\u00fdle, nejl\u00e9pe dopln\u011bn\u00e9 i o pouzdro na slune\u010dn\u00ed br\u00fdle. V tomto p\u0159\u00edpad\u011b se v\u0161ak vyplat\u00ed s\u00e1hnout po kvalitn\u00edm proveden\u00ed, kter\u00e9 o\u010di skute\u010dn\u011b chr\u00e1n\u00ed a nen\u00ed jen p\u0159\u00edjemn\u00fdm m\u00f3dn\u00edm dopl\u0148kem, o jeho\u017e funkci v\u0161ak vznikaj\u00ed opr\u00e1vn\u011bn\u00e9 pochybnosti. Slune\u010dn\u00ed br\u00fdle jsou toti\u017e p\u0159i ochran\u011b o\u010d\u00ed velmi d\u016fle\u017eitou pom\u016fckou a jejich \u00faloha je na cest\u00e1ch nezastupiteln\u00e1. V p\u0159\u00edpad\u011b cestuj\u00edc\u00edho \u2013 alergika by rozhodn\u011b nem\u011bly doma z\u016fstat ponech\u00e1ny l\u00e9ky, kter\u00e9 se na tlumen\u00ed alergie t\u0159eba i v oblasti oka pou\u017e\u00edvaj\u00ed. P\u0159edejdete tak probl\u00e9m\u016fm p\u0159i sh\u00e1n\u011bn\u00ed l\u00e9k\u016f v ciz\u00ed zemi, nav\u00edc nemus\u00ed zde b\u00fdt vhodn\u00fd p\u0159\u00edpravek ani dostupn\u00fd. A pro nad\u0161en\u011b pot\u00e1p\u011b\u010de v kufru nesm\u00ed chyb\u011bt ani br\u00fdle do vody, ve kter\u00fdch si mohou na prvn\u00ed pohled neviditeln\u00e9 kr\u00e1sy mo\u0159e u\u017e\u00edt do sytosti. Ani na dovolen\u00e9 byste na p\u00e9\u010di o o\u010di rozhodn\u011b zapom\u00ednat nem\u011bli. Bez zraku by va\u0161e dovolen\u00e1 zdaleka toti\u017e nemohla b\u00fdt tak kr\u00e1sn\u00e1 jako s n\u00edm a ur\u010dit\u011b by se v\u00e1m nepovedlo si ji tolik vychutnat.                                                                                                                                                                                                                                                                                                                                                                                          5\/5 - (9 votes)        "},{"@context":"https:\/\/schema.org\/","@type":"BreadcrumbList","itemListElement":[{"@type":"ListItem","position":1,"name":"Na co nezapom\u00ednat na dovolen\u00e9? Na o\u010di!","item":"https:\/\/www.zavos.cz\/na-co-nezapominat-na-dovolene-na-oci\/#breadcrumbitem"}]}]