[{"@context":"https:\/\/schema.org\/","@type":"Article","@id":"https:\/\/www.zavos.cz\/vesele-deti\/#Article","mainEntityOfPage":"https:\/\/www.zavos.cz\/vesele-deti\/","headline":"Vesel\u00e9 d\u011bti","name":"Vesel\u00e9 d\u011bti","description":"M\u00e1te d\u011bti? J\u00e1 si mysl\u00edm, \u017ee je opravdu hodn\u011b lidi, kte\u0159\u00ed maj\u00ed mal\u00e9 d\u011bti a nebo si cht\u011bj\u00ed po\u0159\u00eddit d\u011bti, tak tak\u00e9 u\u017e asi uva\u017euj\u00ed nad t\u00edm, co by d\u011bti asi tak zaj\u00edmalo a nebo jak by se mal\u00e9 d\u011bti mohly tak\u00e9 zabavit. Opravdu bych nesnesla potom pomy\u0161len\u00ed, \u017ee kdybych m\u011bla d\u011bti, kde by si [&hellip;]","datePublished":"2023-08-27","dateModified":"2023-09-29","author":{"@type":"Person","@id":"https:\/\/www.zavos.cz\/author\/#Person","name":"","url":"https:\/\/www.zavos.cz\/author\/","identifier":1,"image":{"@type":"ImageObject","@id":"https:\/\/secure.gravatar.com\/avatar\/d7705a23c50ede72936119380238a88bdeb91030521f9262dc3abc6fdd8add33?s=96&d=mm&r=g","url":"https:\/\/secure.gravatar.com\/avatar\/d7705a23c50ede72936119380238a88bdeb91030521f9262dc3abc6fdd8add33?s=96&d=mm&r=g","height":96,"width":96}},"publisher":{"@type":"Organization","name":"zavos.cz","logo":{"@type":"ImageObject","@id":"\/logo.png","url":"\/logo.png","width":600,"height":60}},"image":{"@type":"ImageObject","@id":"https:\/\/www.zavos.cz\/wp-content\/uploads\/playground-3857_1280_1.jpg","url":"https:\/\/www.zavos.cz\/wp-content\/uploads\/playground-3857_1280_1.jpg","height":0,"width":0},"url":"https:\/\/www.zavos.cz\/vesele-deti\/","about":["Produkty"],"wordCount":443,"articleBody":"   M\u00e1te d\u011bti? J\u00e1 si mysl\u00edm, \u017ee je opravdu hodn\u011b lidi, kte\u0159\u00ed maj\u00ed mal\u00e9 d\u011bti a nebo si cht\u011bj\u00ed po\u0159\u00eddit d\u011bti, tak tak\u00e9 u\u017e asi uva\u017euj\u00ed nad t\u00edm, co by d\u011bti asi tak zaj\u00edmalo a nebo jak by se mal\u00e9 d\u011bti mohly tak\u00e9 zabavit. Opravdu bych nesnesla potom pomy\u0161len\u00ed, \u017ee kdybych m\u011bla d\u011bti, kde by si potom m\u011bli v\u016fbec hr\u00e1t? Pro m\u011b je to opravdu hodn\u011b d\u016fle\u017eit\u00e9 v\u011bd\u011bt, co moje d\u011bti v budoucnu budou d\u011blat. A j\u00e1 sama bych si p\u0159\u00e1la, \u017ee kdybych m\u011bla mal\u00e9 d\u011bti a nebo i odrostl\u00e9 d\u011bti, aby v\u017edycky m\u011bly mo\u017enost, kde by si v\u017edycky mohly po\u0159\u00e1dn\u011b hr\u00e1t. Podle m\u00e9ho n\u00e1zoru je opravdu nejlep\u0161\u00ed, kdy\u017e ka\u017ed\u00e9 d\u00edt\u011b si m\u016f\u017ee n\u011bkde hr\u00e1t. Je opravdu velice smutn\u00e1, t\u0159eba kdy\u017e n\u011bkte\u0159\u00ed rodi\u010de na to nedbaj\u00ed a je jim \u00fapln\u011b jedno, co jejich d\u011bti d\u011blaj\u00ed. Proto jsem si \u0159ekla, kdy\u017e na\u0161im d\u011btem u\u017e jsou dva roky, \u017ee by tak\u00e9 nebylo na \u0161kodu, kdybychom tak\u00e9 po\u0159\u00eddili n\u011bjak\u00e9 kr\u00e1sn\u00e9 mal\u00e9 h\u0159i\u0161t\u011b k n\u00e1m na zahradu.S partnerem jsme nad t\u00edm uva\u017eovali u\u017e p\u0159ed p\u016fl rokem a \u0159ekli jsme si, \u017ee v\u0161echno budeme d\u011blat a\u017e na ja\u0159e. Tak\u017ee jsme na\u0161im d\u011btem po\u0159\u00eddili opravdu kr\u00e1sn\u00e9 mal\u00e9 h\u0159i\u0161t\u011b k n\u00e1m na velkou zahradu. Vypad\u00e1 to tam opravdu kr\u00e1sn\u011b a mysl\u00edm si, \u017ee na\u0161e d\u011bti se tam opravdu hodn\u011b bav\u00ed. Je tam opravdu kr\u00e1sn\u00e1 skluzavka pro d\u011bti, kter\u00e1 je velice obl\u00edben\u00e1 hlavn\u011b u na\u0161eho star\u0161\u00edho syna.A uzn\u00e1v\u00e1m, \u017ee skluzavka pro d\u011bti byla opravdu jasn\u00e1 volba a je to opravdu skv\u011bl\u00e1 investice, proto\u017ee d\u011bti se takhle alespo\u0148 zabav\u00ed. A opravdu nem\u00e1m r\u00e1da, kdy\u017e mal\u00e9 d\u011bti st\u00e1le jenom sed\u00ed n\u011bkde na \u017eidli a nebo u po\u010d\u00edta\u010de a nebo u mobiln\u00edho telefonu. Podle m\u00e9ho n\u00e1zoru d\u011bti pot\u0159ebuj\u00ed m\u00edt tak\u00e9 zdrav\u00fd a kvalitn\u00ed pohyb. Jenom pohybem se t\u011blo udr\u017e\u00ed v kondici a d\u011btsk\u00e1 mysl tak\u00e9. Tak\u017ee jsem r\u00e1da, \u017ee jsme si mal\u00e9 h\u0159i\u0161t\u011b po\u0159\u00eddili na zahradu a \u017ee d\u011bti maj\u00ed r\u00e1dy houpa\u010dku a tak\u00e9 kr\u00e1snou skluzavku pro d\u011bti. A skluzavka pro d\u011bti se tak\u00e9 vyr\u00e1b\u00ed v mnoha velikostech a typech.                                                                                                                                                                                                                                                                                                                                                                                           4.3\/5 - (3 votes)        "},{"@context":"https:\/\/schema.org\/","@type":"BreadcrumbList","itemListElement":[{"@type":"ListItem","position":1,"name":"Vesel\u00e9 d\u011bti","item":"https:\/\/www.zavos.cz\/vesele-deti\/#breadcrumbitem"}]}]