[{"@context":"https:\/\/schema.org\/","@type":"Article","@id":"https:\/\/www.zavos.cz\/volnost-a-svoboda\/#Article","mainEntityOfPage":"https:\/\/www.zavos.cz\/volnost-a-svoboda\/","headline":"Volnost a svoboda","name":"Volnost a svoboda","description":"Kdy\u017e se \u0159ekne \u017eena a prsa, ka\u017ed\u00fd si hned automaticky vybav\u00ed podprsenku. Ale je opravdu tak moc nutn\u00e9 ji nosit? My \u017eeny r\u00e1dy \u010dasto chod\u00edme bez podprsenky. Tedy netvrd\u00edm \u017ee v\u0161echny, n\u011bkter\u00e9 jenom. N\u011bkter\u00e1 podprsenku chce ka\u017ed\u00fd den a jin\u00e9 zase no\u0161en\u00ed podprsenky doslova vad\u00ed. A kde se skr\u00fdv\u00e1 pravda? \u017dena by si m\u011bla uv\u011bdomit, [&hellip;]","datePublished":"2024-01-08","dateModified":"2024-02-09","author":{"@type":"Person","@id":"https:\/\/www.zavos.cz\/author\/#Person","name":"","url":"https:\/\/www.zavos.cz\/author\/","identifier":1,"image":{"@type":"ImageObject","@id":"https:\/\/secure.gravatar.com\/avatar\/d7705a23c50ede72936119380238a88bdeb91030521f9262dc3abc6fdd8add33?s=96&d=mm&r=g","url":"https:\/\/secure.gravatar.com\/avatar\/d7705a23c50ede72936119380238a88bdeb91030521f9262dc3abc6fdd8add33?s=96&d=mm&r=g","height":96,"width":96}},"publisher":{"@type":"Organization","name":"zavos.cz","logo":{"@type":"ImageObject","@id":"\/logo.png","url":"\/logo.png","width":600,"height":60}},"image":{"@type":"ImageObject","@id":"https:\/\/www.zavos.cz\/wp-content\/uploads\/pexels-airam-datoon-20043648.jpg","url":"https:\/\/www.zavos.cz\/wp-content\/uploads\/pexels-airam-datoon-20043648.jpg","height":0,"width":0},"url":"https:\/\/www.zavos.cz\/volnost-a-svoboda\/","about":["Produkty"],"wordCount":408,"articleBody":"   Kdy\u017e se \u0159ekne \u017eena a prsa, ka\u017ed\u00fd si hned automaticky vybav\u00ed podprsenku. Ale je opravdu tak moc nutn\u00e9 ji nosit? My \u017eeny r\u00e1dy \u010dasto chod\u00edme bez podprsenky. Tedy netvrd\u00edm \u017ee v\u0161echny, n\u011bkter\u00e9 jenom. N\u011bkter\u00e1 podprsenku chce ka\u017ed\u00fd den a jin\u00e9 zase no\u0161en\u00ed podprsenky doslova vad\u00ed. A kde se skr\u00fdv\u00e1 pravda? \u017dena by si m\u011bla uv\u011bdomit, \u017ee nosit podprsenku by m\u011bla jenom tehdy, pokud j\u00ed to vyhovuje a nikde ji to netla\u010d\u00ed a nekous\u00e1. J\u00e1 nejsem zast\u00e1nce no\u0161en\u00ed podprsenek \u2013 jej\u00edm no\u0161en\u00edm se ochabuj\u00ed svaly hrudn\u00edho ko\u0161e, a to je zcela \u0161patn\u011b. Bez podprsenky j\u00e1 osobn\u011b c\u00edt\u00edm v\u00edce volnosti. A pokud je tri\u010dko pr\u016fhledn\u00e9 a jdou p\u0159es n\u011bj vid\u011bt bradavky, kdy\u017e nenos\u00edm podprsenku, prost\u011b jej jednodu\u0161e vym\u011bn\u00edm za jin\u00e9. Je to jednoduch\u00e9 jako facka. Plno lid\u00ed mi sice \u0159\u00edk\u00e1, \u017ee bych m\u011bla nosit podprsenku, ale j\u00e1 na jejich \u0159e\u010di ka\u0161lu. D\u011bl\u00e1m jenom to, co c\u00edt\u00edm, \u017ee je spr\u00e1vn\u00e9. Je to ka\u017ed\u00e9ho \u017eivot a rozhodnut\u00ed je jenom na n\u00e1s, \u017een\u00e1ch a z\u00e1vis\u00ed pouze na uv\u00e1\u017een\u00ed na\u0161\u00ed mysli a toho, co si mysl\u00edme, \u017ee je spr\u00e1vn\u00e9. Nikdo \u017een\u011b nem\u016f\u017ee p\u0159ikazovat \u017een\u011b, aby nosila podprsenku, i kdy\u017e ve spole\u010dnosti je to takov\u00fd zvyk. Ale pro\u010d je to zvyk? Proto\u017ee vid\u011bt cokoliv p\u0159es tri\u010dko je podle v\u011bt\u0161iny spole\u010dnosti nep\u0159\u00edstupn\u00e9 a nemor\u00e1ln\u00ed chov\u00e1n\u00ed a takov\u00e9ho \u010dlov\u011bka automaticky h\u00e1z\u00ed do jednoho pytle. A je docela zaj\u00edmav\u00e9, \u017ee spole\u010dnost hodnot\u00ed \u017eenu zrovna na z\u00e1klad\u011b tohoto, ani\u017e by ji t\u0159eba osobn\u011b znala. Copak to je norm\u00e1ln\u00ed? Pokud se mn\u011b osobn\u011b n\u011bco nel\u00edb\u00ed (a v\u011b\u0159te, \u017ee je toho spoustu), \u0159eknu si to ve sv\u00e9 hlav\u011b, ale d\u00e1le se k tomu nevyjad\u0159uji. Ka\u017ed\u00fd m\u00e1 sv\u016fj \u017eivot a m\u016f\u017ee si \u017e\u00edt, jak chce, pokud neubli\u017euje ostatn\u00edm. Ale to spousta lid\u00ed je\u0161t\u011b po\u0159\u00e1d nepochopila, a to je mo\u017en\u00e1 ten k\u00e1men \u00farazu. A dokud jako spole\u010dnost nepochop\u00edme, \u017ee to nen\u00ed na\u0161e v\u011bc starat se o to, jestli m\u00e1 n\u011bkdo podprsenku nebo ne, nikdy se neposuneme d\u00e1le&#8230;.. Budete za hv\u011bzdu ve\u010dera.                                                                                                                                                                                                                                                                                                                                                                                          3.5\/5 - (4 votes)        "},{"@context":"https:\/\/schema.org\/","@type":"BreadcrumbList","itemListElement":[{"@type":"ListItem","position":1,"name":"Volnost a svoboda","item":"https:\/\/www.zavos.cz\/volnost-a-svoboda\/#breadcrumbitem"}]}]